{"id":6043,"date":"2025-06-16T15:00:00","date_gmt":"2025-06-16T19:00:00","guid":{"rendered":"https:\/\/carest-network.org\/?p=6043"},"modified":"2025-06-16T15:05:26","modified_gmt":"2025-06-16T19:05:26","slug":"mobilisation-en-guadeloupe-des-relayeurs-de-la-science-une-action-solidaire-a-loccasion-de-la-journee-de-commemoration-de-labolition-de-lesclavage","status":"publish","type":"post","link":"https:\/\/carest-network.org\/en\/mobilisation-en-guadeloupe-des-relayeurs-de-la-science-une-action-solidaire-a-loccasion-de-la-journee-de-commemoration-de-labolition-de-lesclavage\/","title":{"rendered":"Engagement of the \u201crelay runners for science\u201d team: An act of solidarity during Emancipation Day commemorating the abolition of Slavery in Guadeloupe"},"content":{"rendered":"<p class=\"translation-block\"><b>The Relai inter-entrepise (RIE) <\/b>is a relay race which is organized every 27th of May to commemorate the abolition of Slavery in Guadeloupe. <b>Promoting solidarity, cooperation and remembrance as its core values, this event reunites employees from many public and private companies of the island. <\/b>Since its creation in 1998, the RIE became a key and very popular running race in Guadeloupe: 60km between the two cities (Petit-Bourg and Vieux-Habitants for the 2025 edition), involving 21 relay runners, running each, around 3km.<\/p>\n\n\n\n<p class=\"translation-block\">Encouraging <b>sports for all and solidarity, the 25th Edition relay race <\/b>, which was held the 27th of May 2025, saw the participation of a team named \u201cthe relay runners for science\u201d including researchers, clinicians, engineers and technicians from<b> INSERM (U1085, U1134, CIC 1424), Pasteur Institute, Karubiotec lab and Guadeloupe University Hospital research units.<\/b> Their main intention was to promote guadeloupean biomedical research, particularly research on sickle cell disease to the public.<\/p>\n\n\n\n<p class=\"translation-block\">The preparation of the event was a great opportunity to reinforce cohesion between the participant research teams during bi-weekly training sessions. Short videos published on social media allowed a presentation of the professionals and a description of their research units\u2019 activities. The day of the relay race, a booth at the arrival in Vieux-Habitants was a great occasion to raise awareness on sickle cell disease and to share to the public, information related to their research, with the help of posters and leaflets.<\/p>\n\n\n\n<p>The \u201crelay runners for science\u201d would like to dearly thank two of their sponsors:<\/p>\n\n\n\n<ul class=\"wp-block-list\">\n<li class=\"translation-block\"><b>Guadeloupe Espoir Dr\u00e9panocytose,<\/b> an association which actively supports patients suffering from sickle cell disease,<\/li>\n\n\n\n<li class=\"translation-block\"><b>Madr\u00e9pore<\/b>, an association created by the healthcare professionals from the Guadeloupean Clinical unit of sickle cell disease, which fervently promotes research and communications related to sickle cell disease and other red blood cells disorders.<\/li>\n<\/ul>\n\n\n\n<p>Written by Dr. Jo\u00eblle MAGNE<\/p>\n\n\n\n<p><\/p>","protected":false},"excerpt":{"rendered":"<p>Le Relais Inter-Entreprises (RIE) est une course en relais p\u00e9destre organis\u00e9e chaque 27 mai en Guadeloupe pour comm\u00e9morer l\u2019abolition de [&hellip;]<\/p>\n","protected":false},"author":26,"featured_media":6044,"comment_status":"open","ping_status":"open","sticky":false,"template":"","format":"standard","meta":{"site-sidebar-layout":"default","site-content-layout":"","ast-site-content-layout":"default","site-content-style":"default","site-sidebar-style":"default","ast-global-header-display":"","ast-banner-title-visibility":"","ast-main-header-display":"","ast-hfb-above-header-display":"","ast-hfb-below-header-display":"","ast-hfb-mobile-header-display":"","site-post-title":"","ast-breadcrumbs-content":"","ast-featured-img":"","footer-sml-layout":"","ast-disable-related-posts":"","theme-transparent-header-meta":"","adv-header-id-meta":"","stick-header-meta":"","header-above-stick-meta":"","header-main-stick-meta":"","header-below-stick-meta":"","astra-migrate-meta-layouts":"default","ast-page-background-enabled":"default","ast-page-background-meta":{"desktop":{"background-color":"var(--ast-global-color-5)","background-image":"","background-repeat":"repeat","background-position":"center center","background-size":"auto","background-attachment":"scroll","background-type":"","background-media":"","overlay-type":"","overlay-color":"","overlay-opacity":"","overlay-gradient":""},"tablet":{"background-color":"","background-image":"","background-repeat":"repeat","background-position":"center center","background-size":"auto","background-attachment":"scroll","background-type":"","background-media":"","overlay-type":"","overlay-color":"","overlay-opacity":"","overlay-gradient":""},"mobile":{"background-color":"","background-image":"","background-repeat":"repeat","background-position":"center center","background-size":"auto","background-attachment":"scroll","background-type":"","background-media":"","overlay-type":"","overlay-color":"","overlay-opacity":"","overlay-gradient":""}},"ast-content-background-meta":{"desktop":{"background-color":"var(--ast-global-color-4)","background-image":"","background-repeat":"repeat","background-position":"center center","background-size":"auto","background-attachment":"scroll","background-type":"","background-media":"","overlay-type":"","overlay-color":"","overlay-opacity":"","overlay-gradient":""},"tablet":{"background-color":"var(--ast-global-color-4)","background-image":"","background-repeat":"repeat","background-position":"center center","background-size":"auto","background-attachment":"scroll","background-type":"","background-media":"","overlay-type":"","overlay-color":"","overlay-opacity":"","overlay-gradient":""},"mobile":{"background-color":"var(--ast-global-color-4)","background-image":"","background-repeat":"repeat","background-position":"center center","background-size":"auto","background-attachment":"scroll","background-type":"","background-media":"","overlay-type":"","overlay-color":"","overlay-opacity":"","overlay-gradient":""}},"_jetpack_memberships_contains_paid_content":false,"footnotes":""},"categories":[225,208],"tags":[],"class_list":["post-6043","post","type-post","status-publish","format-standard","has-post-thumbnail","hentry","category-actualites","category-francais"],"yoast_head":"<!-- This site is optimized with the Yoast SEO plugin v27.5 - https:\/\/yoast.com\/product\/yoast-seo-wordpress\/ -->\n<title>Mobilisation en Guadeloupe des \u201cRelayeurs de la science\u201d : une action solidaire \u00e0 l\u2019occasion de la journ\u00e9e de comm\u00e9moration de l\u2019abolition de l\u2019esclavage - Carest Network<\/title>\n<meta name=\"robots\" content=\"index, follow, max-snippet:-1, max-image-preview:large, max-video-preview:-1\" \/>\n<link rel=\"canonical\" href=\"https:\/\/carest-network.org\/en\/mobilisation-en-guadeloupe-des-relayeurs-de-la-science-une-action-solidaire-a-loccasion-de-la-journee-de-commemoration-de-labolition-de-lesclavage\/\" \/>\n<meta property=\"og:locale\" content=\"en_US\" \/>\n<meta property=\"og:type\" content=\"article\" \/>\n<meta property=\"og:title\" content=\"Mobilisation en Guadeloupe des \u201cRelayeurs de la science\u201d : une action solidaire \u00e0 l\u2019occasion de la journ\u00e9e de comm\u00e9moration de l\u2019abolition de l\u2019esclavage - Carest Network\" \/>\n<meta property=\"og:description\" content=\"Le Relais Inter-Entreprises (RIE) est une course en relais p\u00e9destre organis\u00e9e chaque 27 mai en Guadeloupe pour comm\u00e9morer l\u2019abolition de [&hellip;]\" \/>\n<meta property=\"og:url\" content=\"https:\/\/carest-network.org\/en\/mobilisation-en-guadeloupe-des-relayeurs-de-la-science-une-action-solidaire-a-loccasion-de-la-journee-de-commemoration-de-labolition-de-lesclavage\/\" \/>\n<meta property=\"og:site_name\" content=\"Carest Network\" \/>\n<meta property=\"article:published_time\" content=\"2025-06-16T19:00:00+00:00\" \/>\n<meta property=\"article:modified_time\" content=\"2025-06-16T19:05:26+00:00\" \/>\n<meta property=\"og:image\" content=\"https:\/\/carest-network.org\/wp-content\/uploads\/2025\/06\/LesRelayeursDeLaScience.jpg\" \/>\n\t<meta property=\"og:image:width\" content=\"1279\" \/>\n\t<meta property=\"og:image:height\" content=\"598\" \/>\n\t<meta property=\"og:image:type\" content=\"image\/jpeg\" \/>\n<meta name=\"author\" content=\"Dr Marie-Dominique HARDY-DESSOURCES\" \/>\n<meta name=\"twitter:card\" content=\"summary_large_image\" \/>\n<meta name=\"twitter:label1\" content=\"Written by\" \/>\n\t<meta name=\"twitter:data1\" content=\"Dr Marie-Dominique HARDY-DESSOURCES\" \/>\n\t<meta name=\"twitter:label2\" content=\"Est. reading time\" \/>\n\t<meta name=\"twitter:data2\" content=\"2 minutes\" \/>\n<script type=\"application\/ld+json\" class=\"yoast-schema-graph\">{\"@context\":\"https:\\\/\\\/schema.org\",\"@graph\":[{\"@type\":\"Article\",\"@id\":\"https:\\\/\\\/carest-network.org\\\/mobilisation-en-guadeloupe-des-relayeurs-de-la-science-une-action-solidaire-a-loccasion-de-la-journee-de-commemoration-de-labolition-de-lesclavage\\\/#article\",\"isPartOf\":{\"@id\":\"https:\\\/\\\/carest-network.org\\\/mobilisation-en-guadeloupe-des-relayeurs-de-la-science-une-action-solidaire-a-loccasion-de-la-journee-de-commemoration-de-labolition-de-lesclavage\\\/\"},\"author\":{\"name\":\"Dr Marie-Dominique HARDY-DESSOURCES\",\"@id\":\"https:\\\/\\\/carest-network.org\\\/#\\\/schema\\\/person\\\/e2737e76b3e2712e992e3d1ef85ec0bc\"},\"headline\":\"Mobilisation en Guadeloupe des \u201cRelayeurs de la science\u201d : une action solidaire \u00e0 l\u2019occasion de la journ\u00e9e de comm\u00e9moration de l\u2019abolition de l\u2019esclavage\",\"datePublished\":\"2025-06-16T19:00:00+00:00\",\"dateModified\":\"2025-06-16T19:05:26+00:00\",\"mainEntityOfPage\":{\"@id\":\"https:\\\/\\\/carest-network.org\\\/mobilisation-en-guadeloupe-des-relayeurs-de-la-science-une-action-solidaire-a-loccasion-de-la-journee-de-commemoration-de-labolition-de-lesclavage\\\/\"},\"wordCount\":372,\"commentCount\":0,\"publisher\":{\"@id\":\"https:\\\/\\\/carest-network.org\\\/#organization\"},\"image\":{\"@id\":\"https:\\\/\\\/carest-network.org\\\/mobilisation-en-guadeloupe-des-relayeurs-de-la-science-une-action-solidaire-a-loccasion-de-la-journee-de-commemoration-de-labolition-de-lesclavage\\\/#primaryimage\"},\"thumbnailUrl\":\"https:\\\/\\\/carest-network.org\\\/wp-content\\\/uploads\\\/2025\\\/06\\\/LesRelayeursDeLaScience.jpg\",\"articleSection\":[\"Actualit\u00e9s\",\"fran\u00e7ais\"],\"inLanguage\":\"en-US\",\"potentialAction\":[{\"@type\":\"CommentAction\",\"name\":\"Comment\",\"target\":[\"https:\\\/\\\/carest-network.org\\\/mobilisation-en-guadeloupe-des-relayeurs-de-la-science-une-action-solidaire-a-loccasion-de-la-journee-de-commemoration-de-labolition-de-lesclavage\\\/#respond\"]}]},{\"@type\":\"WebPage\",\"@id\":\"https:\\\/\\\/carest-network.org\\\/mobilisation-en-guadeloupe-des-relayeurs-de-la-science-une-action-solidaire-a-loccasion-de-la-journee-de-commemoration-de-labolition-de-lesclavage\\\/\",\"url\":\"https:\\\/\\\/carest-network.org\\\/mobilisation-en-guadeloupe-des-relayeurs-de-la-science-une-action-solidaire-a-loccasion-de-la-journee-de-commemoration-de-labolition-de-lesclavage\\\/\",\"name\":\"Mobilisation en Guadeloupe des \u201cRelayeurs de la science\u201d : une action solidaire \u00e0 l\u2019occasion de la journ\u00e9e de comm\u00e9moration de l\u2019abolition de l\u2019esclavage - Carest Network\",\"isPartOf\":{\"@id\":\"https:\\\/\\\/carest-network.org\\\/#website\"},\"primaryImageOfPage\":{\"@id\":\"https:\\\/\\\/carest-network.org\\\/mobilisation-en-guadeloupe-des-relayeurs-de-la-science-une-action-solidaire-a-loccasion-de-la-journee-de-commemoration-de-labolition-de-lesclavage\\\/#primaryimage\"},\"image\":{\"@id\":\"https:\\\/\\\/carest-network.org\\\/mobilisation-en-guadeloupe-des-relayeurs-de-la-science-une-action-solidaire-a-loccasion-de-la-journee-de-commemoration-de-labolition-de-lesclavage\\\/#primaryimage\"},\"thumbnailUrl\":\"https:\\\/\\\/carest-network.org\\\/wp-content\\\/uploads\\\/2025\\\/06\\\/LesRelayeursDeLaScience.jpg\",\"datePublished\":\"2025-06-16T19:00:00+00:00\",\"dateModified\":\"2025-06-16T19:05:26+00:00\",\"breadcrumb\":{\"@id\":\"https:\\\/\\\/carest-network.org\\\/mobilisation-en-guadeloupe-des-relayeurs-de-la-science-une-action-solidaire-a-loccasion-de-la-journee-de-commemoration-de-labolition-de-lesclavage\\\/#breadcrumb\"},\"inLanguage\":\"en-US\",\"potentialAction\":[{\"@type\":\"ReadAction\",\"target\":[\"https:\\\/\\\/carest-network.org\\\/mobilisation-en-guadeloupe-des-relayeurs-de-la-science-une-action-solidaire-a-loccasion-de-la-journee-de-commemoration-de-labolition-de-lesclavage\\\/\"]}]},{\"@type\":\"ImageObject\",\"inLanguage\":\"en-US\",\"@id\":\"https:\\\/\\\/carest-network.org\\\/mobilisation-en-guadeloupe-des-relayeurs-de-la-science-une-action-solidaire-a-loccasion-de-la-journee-de-commemoration-de-labolition-de-lesclavage\\\/#primaryimage\",\"url\":\"https:\\\/\\\/carest-network.org\\\/wp-content\\\/uploads\\\/2025\\\/06\\\/LesRelayeursDeLaScience.jpg\",\"contentUrl\":\"https:\\\/\\\/carest-network.org\\\/wp-content\\\/uploads\\\/2025\\\/06\\\/LesRelayeursDeLaScience.jpg\",\"width\":1279,\"height\":598},{\"@type\":\"BreadcrumbList\",\"@id\":\"https:\\\/\\\/carest-network.org\\\/mobilisation-en-guadeloupe-des-relayeurs-de-la-science-une-action-solidaire-a-loccasion-de-la-journee-de-commemoration-de-labolition-de-lesclavage\\\/#breadcrumb\",\"itemListElement\":[{\"@type\":\"ListItem\",\"position\":1,\"name\":\"Accueil\",\"item\":\"https:\\\/\\\/carest-network.org\\\/\"},{\"@type\":\"ListItem\",\"position\":2,\"name\":\"Mobilisation en Guadeloupe des \u201cRelayeurs de la science\u201d : une action solidaire \u00e0 l\u2019occasion de la journ\u00e9e de comm\u00e9moration de l\u2019abolition de l\u2019esclavage\"}]},{\"@type\":\"WebSite\",\"@id\":\"https:\\\/\\\/carest-network.org\\\/#website\",\"url\":\"https:\\\/\\\/carest-network.org\\\/\",\"name\":\"Carest Network\",\"description\":\"CAribean network of REsearchers on Sickle cell disease and Thalassemia\",\"publisher\":{\"@id\":\"https:\\\/\\\/carest-network.org\\\/#organization\"},\"potentialAction\":[{\"@type\":\"SearchAction\",\"target\":{\"@type\":\"EntryPoint\",\"urlTemplate\":\"https:\\\/\\\/carest-network.org\\\/?s={search_term_string}\"},\"query-input\":{\"@type\":\"PropertyValueSpecification\",\"valueRequired\":true,\"valueName\":\"search_term_string\"}}],\"inLanguage\":\"en-US\"},{\"@type\":\"Organization\",\"@id\":\"https:\\\/\\\/carest-network.org\\\/#organization\",\"name\":\"Carest Network\",\"url\":\"https:\\\/\\\/carest-network.org\\\/\",\"logo\":{\"@type\":\"ImageObject\",\"inLanguage\":\"en-US\",\"@id\":\"https:\\\/\\\/carest-network.org\\\/#\\\/schema\\\/logo\\\/image\\\/\",\"url\":\"https:\\\/\\\/carest-network.org\\\/wp-content\\\/uploads\\\/2026\\\/01\\\/CAREST_logo.png\",\"contentUrl\":\"https:\\\/\\\/carest-network.org\\\/wp-content\\\/uploads\\\/2026\\\/01\\\/CAREST_logo.png\",\"width\":1402,\"height\":716,\"caption\":\"Carest Network\"},\"image\":{\"@id\":\"https:\\\/\\\/carest-network.org\\\/#\\\/schema\\\/logo\\\/image\\\/\"}},{\"@type\":\"Person\",\"@id\":\"https:\\\/\\\/carest-network.org\\\/#\\\/schema\\\/person\\\/e2737e76b3e2712e992e3d1ef85ec0bc\",\"name\":\"Dr Marie-Dominique HARDY-DESSOURCES\",\"image\":{\"@type\":\"ImageObject\",\"inLanguage\":\"en-US\",\"@id\":\"https:\\\/\\\/secure.gravatar.com\\\/avatar\\\/5a98988c06ed745bab7c32a1dc02ba964fdf730bcedc066bd586be82a9c07458?s=96&d=identicon&r=g\",\"url\":\"https:\\\/\\\/secure.gravatar.com\\\/avatar\\\/5a98988c06ed745bab7c32a1dc02ba964fdf730bcedc066bd586be82a9c07458?s=96&d=identicon&r=g\",\"contentUrl\":\"https:\\\/\\\/secure.gravatar.com\\\/avatar\\\/5a98988c06ed745bab7c32a1dc02ba964fdf730bcedc066bd586be82a9c07458?s=96&d=identicon&r=g\",\"caption\":\"Dr Marie-Dominique HARDY-DESSOURCES\"},\"url\":\"https:\\\/\\\/carest-network.org\\\/en\\\/author\\\/marie-dominique-hardy-dessources\\\/\"}]}<\/script>\n<!-- \/ Yoast SEO plugin. -->","yoast_head_json":{"title":"Mobilisation en Guadeloupe des \u201cRelayeurs de la science\u201d : une action solidaire \u00e0 l\u2019occasion de la journ\u00e9e de comm\u00e9moration de l\u2019abolition de l\u2019esclavage - Carest Network","robots":{"index":"index","follow":"follow","max-snippet":"max-snippet:-1","max-image-preview":"max-image-preview:large","max-video-preview":"max-video-preview:-1"},"canonical":"https:\/\/carest-network.org\/en\/mobilisation-en-guadeloupe-des-relayeurs-de-la-science-une-action-solidaire-a-loccasion-de-la-journee-de-commemoration-de-labolition-de-lesclavage\/","og_locale":"en_US","og_type":"article","og_title":"Mobilisation en Guadeloupe des \u201cRelayeurs de la science\u201d : une action solidaire \u00e0 l\u2019occasion de la journ\u00e9e de comm\u00e9moration de l\u2019abolition de l\u2019esclavage - Carest Network","og_description":"Le Relais Inter-Entreprises (RIE) est une course en relais p\u00e9destre organis\u00e9e chaque 27 mai en Guadeloupe pour comm\u00e9morer l\u2019abolition de [&hellip;]","og_url":"https:\/\/carest-network.org\/en\/mobilisation-en-guadeloupe-des-relayeurs-de-la-science-une-action-solidaire-a-loccasion-de-la-journee-de-commemoration-de-labolition-de-lesclavage\/","og_site_name":"Carest Network","article_published_time":"2025-06-16T19:00:00+00:00","article_modified_time":"2025-06-16T19:05:26+00:00","og_image":[{"width":1279,"height":598,"url":"https:\/\/carest-network.org\/wp-content\/uploads\/2025\/06\/LesRelayeursDeLaScience.jpg","type":"image\/jpeg"}],"author":"Dr Marie-Dominique HARDY-DESSOURCES","twitter_card":"summary_large_image","twitter_misc":{"Written by":"Dr Marie-Dominique HARDY-DESSOURCES","Est. reading time":"2 minutes"},"schema":{"@context":"https:\/\/schema.org","@graph":[{"@type":"Article","@id":"https:\/\/carest-network.org\/mobilisation-en-guadeloupe-des-relayeurs-de-la-science-une-action-solidaire-a-loccasion-de-la-journee-de-commemoration-de-labolition-de-lesclavage\/#article","isPartOf":{"@id":"https:\/\/carest-network.org\/mobilisation-en-guadeloupe-des-relayeurs-de-la-science-une-action-solidaire-a-loccasion-de-la-journee-de-commemoration-de-labolition-de-lesclavage\/"},"author":{"name":"Dr Marie-Dominique HARDY-DESSOURCES","@id":"https:\/\/carest-network.org\/#\/schema\/person\/e2737e76b3e2712e992e3d1ef85ec0bc"},"headline":"Mobilisation en Guadeloupe des \u201cRelayeurs de la science\u201d : une action solidaire \u00e0 l\u2019occasion de la journ\u00e9e de comm\u00e9moration de l\u2019abolition de l\u2019esclavage","datePublished":"2025-06-16T19:00:00+00:00","dateModified":"2025-06-16T19:05:26+00:00","mainEntityOfPage":{"@id":"https:\/\/carest-network.org\/mobilisation-en-guadeloupe-des-relayeurs-de-la-science-une-action-solidaire-a-loccasion-de-la-journee-de-commemoration-de-labolition-de-lesclavage\/"},"wordCount":372,"commentCount":0,"publisher":{"@id":"https:\/\/carest-network.org\/#organization"},"image":{"@id":"https:\/\/carest-network.org\/mobilisation-en-guadeloupe-des-relayeurs-de-la-science-une-action-solidaire-a-loccasion-de-la-journee-de-commemoration-de-labolition-de-lesclavage\/#primaryimage"},"thumbnailUrl":"https:\/\/carest-network.org\/wp-content\/uploads\/2025\/06\/LesRelayeursDeLaScience.jpg","articleSection":["Actualit\u00e9s","fran\u00e7ais"],"inLanguage":"en-US","potentialAction":[{"@type":"CommentAction","name":"Comment","target":["https:\/\/carest-network.org\/mobilisation-en-guadeloupe-des-relayeurs-de-la-science-une-action-solidaire-a-loccasion-de-la-journee-de-commemoration-de-labolition-de-lesclavage\/#respond"]}]},{"@type":"WebPage","@id":"https:\/\/carest-network.org\/mobilisation-en-guadeloupe-des-relayeurs-de-la-science-une-action-solidaire-a-loccasion-de-la-journee-de-commemoration-de-labolition-de-lesclavage\/","url":"https:\/\/carest-network.org\/mobilisation-en-guadeloupe-des-relayeurs-de-la-science-une-action-solidaire-a-loccasion-de-la-journee-de-commemoration-de-labolition-de-lesclavage\/","name":"Mobilisation en Guadeloupe des \u201cRelayeurs de la science\u201d : une action solidaire \u00e0 l\u2019occasion de la journ\u00e9e de comm\u00e9moration de l\u2019abolition de l\u2019esclavage - Carest Network","isPartOf":{"@id":"https:\/\/carest-network.org\/#website"},"primaryImageOfPage":{"@id":"https:\/\/carest-network.org\/mobilisation-en-guadeloupe-des-relayeurs-de-la-science-une-action-solidaire-a-loccasion-de-la-journee-de-commemoration-de-labolition-de-lesclavage\/#primaryimage"},"image":{"@id":"https:\/\/carest-network.org\/mobilisation-en-guadeloupe-des-relayeurs-de-la-science-une-action-solidaire-a-loccasion-de-la-journee-de-commemoration-de-labolition-de-lesclavage\/#primaryimage"},"thumbnailUrl":"https:\/\/carest-network.org\/wp-content\/uploads\/2025\/06\/LesRelayeursDeLaScience.jpg","datePublished":"2025-06-16T19:00:00+00:00","dateModified":"2025-06-16T19:05:26+00:00","breadcrumb":{"@id":"https:\/\/carest-network.org\/mobilisation-en-guadeloupe-des-relayeurs-de-la-science-une-action-solidaire-a-loccasion-de-la-journee-de-commemoration-de-labolition-de-lesclavage\/#breadcrumb"},"inLanguage":"en-US","potentialAction":[{"@type":"ReadAction","target":["https:\/\/carest-network.org\/mobilisation-en-guadeloupe-des-relayeurs-de-la-science-une-action-solidaire-a-loccasion-de-la-journee-de-commemoration-de-labolition-de-lesclavage\/"]}]},{"@type":"ImageObject","inLanguage":"en-US","@id":"https:\/\/carest-network.org\/mobilisation-en-guadeloupe-des-relayeurs-de-la-science-une-action-solidaire-a-loccasion-de-la-journee-de-commemoration-de-labolition-de-lesclavage\/#primaryimage","url":"https:\/\/carest-network.org\/wp-content\/uploads\/2025\/06\/LesRelayeursDeLaScience.jpg","contentUrl":"https:\/\/carest-network.org\/wp-content\/uploads\/2025\/06\/LesRelayeursDeLaScience.jpg","width":1279,"height":598},{"@type":"BreadcrumbList","@id":"https:\/\/carest-network.org\/mobilisation-en-guadeloupe-des-relayeurs-de-la-science-une-action-solidaire-a-loccasion-de-la-journee-de-commemoration-de-labolition-de-lesclavage\/#breadcrumb","itemListElement":[{"@type":"ListItem","position":1,"name":"Accueil","item":"https:\/\/carest-network.org\/"},{"@type":"ListItem","position":2,"name":"Mobilisation en Guadeloupe des \u201cRelayeurs de la science\u201d : une action solidaire \u00e0 l\u2019occasion de la journ\u00e9e de comm\u00e9moration de l\u2019abolition de l\u2019esclavage"}]},{"@type":"WebSite","@id":"https:\/\/carest-network.org\/#website","url":"https:\/\/carest-network.org\/","name":"Carest Network","description":"CAribean network of REsearchers on Sickle cell disease and Thalassemia","publisher":{"@id":"https:\/\/carest-network.org\/#organization"},"potentialAction":[{"@type":"SearchAction","target":{"@type":"EntryPoint","urlTemplate":"https:\/\/carest-network.org\/?s={search_term_string}"},"query-input":{"@type":"PropertyValueSpecification","valueRequired":true,"valueName":"search_term_string"}}],"inLanguage":"en-US"},{"@type":"Organization","@id":"https:\/\/carest-network.org\/#organization","name":"Carest Network","url":"https:\/\/carest-network.org\/","logo":{"@type":"ImageObject","inLanguage":"en-US","@id":"https:\/\/carest-network.org\/#\/schema\/logo\/image\/","url":"https:\/\/carest-network.org\/wp-content\/uploads\/2026\/01\/CAREST_logo.png","contentUrl":"https:\/\/carest-network.org\/wp-content\/uploads\/2026\/01\/CAREST_logo.png","width":1402,"height":716,"caption":"Carest Network"},"image":{"@id":"https:\/\/carest-network.org\/#\/schema\/logo\/image\/"}},{"@type":"Person","@id":"https:\/\/carest-network.org\/#\/schema\/person\/e2737e76b3e2712e992e3d1ef85ec0bc","name":"Dr Marie-Dominique HARDY-DESSOURCES","image":{"@type":"ImageObject","inLanguage":"en-US","@id":"https:\/\/secure.gravatar.com\/avatar\/5a98988c06ed745bab7c32a1dc02ba964fdf730bcedc066bd586be82a9c07458?s=96&d=identicon&r=g","url":"https:\/\/secure.gravatar.com\/avatar\/5a98988c06ed745bab7c32a1dc02ba964fdf730bcedc066bd586be82a9c07458?s=96&d=identicon&r=g","contentUrl":"https:\/\/secure.gravatar.com\/avatar\/5a98988c06ed745bab7c32a1dc02ba964fdf730bcedc066bd586be82a9c07458?s=96&d=identicon&r=g","caption":"Dr Marie-Dominique HARDY-DESSOURCES"},"url":"https:\/\/carest-network.org\/en\/author\/marie-dominique-hardy-dessources\/"}]}},"jetpack_featured_media_url":"https:\/\/carest-network.org\/wp-content\/uploads\/2025\/06\/LesRelayeursDeLaScience.jpg","jetpack_sharing_enabled":true,"_links":{"self":[{"href":"https:\/\/carest-network.org\/en\/wp-json\/wp\/v2\/posts\/6043","targetHints":{"allow":["GET"]}}],"collection":[{"href":"https:\/\/carest-network.org\/en\/wp-json\/wp\/v2\/posts"}],"about":[{"href":"https:\/\/carest-network.org\/en\/wp-json\/wp\/v2\/types\/post"}],"author":[{"embeddable":true,"href":"https:\/\/carest-network.org\/en\/wp-json\/wp\/v2\/users\/26"}],"replies":[{"embeddable":true,"href":"https:\/\/carest-network.org\/en\/wp-json\/wp\/v2\/comments?post=6043"}],"version-history":[{"count":3,"href":"https:\/\/carest-network.org\/en\/wp-json\/wp\/v2\/posts\/6043\/revisions"}],"predecessor-version":[{"id":6051,"href":"https:\/\/carest-network.org\/en\/wp-json\/wp\/v2\/posts\/6043\/revisions\/6051"}],"wp:featuredmedia":[{"embeddable":true,"href":"https:\/\/carest-network.org\/en\/wp-json\/wp\/v2\/media\/6044"}],"wp:attachment":[{"href":"https:\/\/carest-network.org\/en\/wp-json\/wp\/v2\/media?parent=6043"}],"wp:term":[{"taxonomy":"category","embeddable":true,"href":"https:\/\/carest-network.org\/en\/wp-json\/wp\/v2\/categories?post=6043"},{"taxonomy":"post_tag","embeddable":true,"href":"https:\/\/carest-network.org\/en\/wp-json\/wp\/v2\/tags?post=6043"}],"curies":[{"name":"wp","href":"https:\/\/api.w.org\/{rel}","templated":true}]}}