{"id":5992,"date":"2025-04-29T02:23:54","date_gmt":"2025-04-29T06:23:54","guid":{"rendered":"https:\/\/carest-network.org\/?p=5992"},"modified":"2025-04-29T11:44:25","modified_gmt":"2025-04-29T15:44:25","slug":"hommage-au-professeur-graham-serjeant-une-vie-dediee-a-la-drepanocytose","status":"publish","type":"post","link":"https:\/\/carest-network.org\/en\/hommage-au-professeur-graham-serjeant-une-vie-dediee-a-la-drepanocytose\/","title":{"rendered":"A heartfelt tribute to Professor Graham Serjeant: a life dedicated to sickle cell disease"},"content":{"rendered":"<p>&nbsp;<\/p>\r\n\r\n\r\n\r\n<p>The sickle cell community is mourning the passing of Professor Graham Serjeant, an eminent figure whose invaluable work on sickle cell disease was recognised internationally. The tribute below was written by his close colleagues at the Sickle Cell Unit in Jamaica, where he worked<\/p>\r\n\r\n\r\n\r\n<p>Professor Graham Roger Serjeant OJ CMG<\/p>\r\n\r\n\r\n\r\n<p>How many of us, when our time on earth is over, can say that we changed the world for good?\u00a0 Such was the life of Professor Graham Roger Serjeant.\u00a0 His dual passions, for his wife of 60 years Beryl and research to improve the treatment and lives of persons living globally with sickle cell disease (SCD), combined to propel him into an exceptionally impactful life.\u00a0 Theirs was a partnership in life and in work that is an example for the ages.<\/p>\r\n\r\n\r\n\r\n<p>Born in 1938 in the United Kingdom, Graham Serjeant having completed his medical studies applied for a job in Jamaica, encouraged by his wife who had spent time in the Caribbean as a child.\u00a0 Her influence as a medical technologist drew him to work with senior colleagues who were treating persons living with sickle cell disease (PLWSCD).\u00a0 Intrigued, this became his life\u2019s work.<\/p>\r\n\r\n\r\n\r\n<p>His preliminary work garnered for him research support from the Medical Research Council (UK) which supported this ground-breaking work until his retirement in 2019.\u00a0 During this period he established the Sickle Cell Unit (SCU) on the Mona Campus of The University of the West Indies (UWI), the base for research, training and clinical care of affected persons.<\/p>\r\n\r\n\r\n\r\n<p>The pinnacle of his research efforts were based on the technique, developed by Beryl Serjeant, for screening of newborn babies to see if they had SCD.\u00a0 They demonstrated, by testing 100,000 consecutive births at Victoria Jubilee Hospital, that newborn screening for SCD could be done on a public health level in states and even countries.\u00a0 The Jamaica Sickle Cell Cohort Study (JSCCS) identified 550 cases of sickle cell disease, the eldest of which is now more than 50 years old.\u00a0 As he cared for and studied this cohort of patients, he was the first to demonstrate that vaccines and preventative antibiotics could prevent many of the early deaths seen previously.\u00a0 Furthermore, they demonstrated that teaching parents simple techniques, such as feeling the belly for an enlarged spleen, and observing for specific signs of illness also impacted survival.\u00a0\u00a0 The number of affected children dying before their fifth birthday was halved by these inexpensive interventions.<\/p>\r\n\r\n\r\n\r\n<p>They went to every nook and cranny of Jamaica to find these individuals from the JSCCS as the latter grew older and moved away from Kingston, to ensure that they received critical, continuing care.\u00a0 For this, he instituted small clinics in six parts of Jamaica, where he brought the care closer to the scatted participants of the JSCCS. The clinics at Black River and Cornwall Regional Hospitals persisted until after his retirement.\u00a0 As the Cohort has aged, he carefully investigated the complications they suffered and sought ways to improve the outcomes.\u00a0 PLWSCD not in the JSCCS also benefitted as they were welcomed for medical care at the SCU.<\/p>\r\n\r\n\r\n\r\n<p>On his retirement from the SCU, as Professor Emeritus of the UWI, he continued to work with SCD until shortly before his death.\u00a0 The Manchester Project, a major undertaking in \u201cretirement\u201d involved doing tests for SCD at all high schools in the Southern then Western Regional Health Authorities, counselling those with sickle cell and other traits of their risk of having children with SCD.\u00a0 This then led to the instigation of newborn screening for SCD in those parishes.\u00a0 This was a big step forward in the march towards universal screening of all children born in Jamaica with SCD, which was achieved in 2020 in all public and private hospitals through the collaboration between the Ministry of Health and Wellness, Regional Health Authorities, a patient representative and the SCU (Sickle Cell Technical Working Group).<\/p>\r\n\r\n\r\n\r\n<p>His more than 500 papers in medical journals are evidence of his commitment to understanding the effects of SCD and sharing this knowledge as widely as possible.\u00a0 His three books have served to provide in depth descriptions of SCD, useful for any clinician treating patients.\u00a0 This willingness to share his knowledge also led him to directly influence the care of PLWSCD in diverse places such as Brazil, Greece, Nigeria, Uganda, and India.\u00a0 There, he instigated research projects and positively impacted care, highlighting similarities and differences in the features of the disease across settings.\u00a0 He also gave talks in numerous medical conferences globally, spreading the knowledge that the course of SCD can be improved with simple and inexpensive interventions. He was not only a global expert in SCD, but also an excellent and entertaining, much sought, speaker at these many scientific meetings.\u00a0 He welcomed many students, doctors and researchers, who he trained on SCD.\u00a0 These trainees were initially primarily from the UK, but increasingly included Jamaicans as time went by, and they took their applied knowledge of and interest in SCD with them into their careers.\u00a0 He developed many tools to educate patients, parents and the general population about SCD.<\/p>\r\n\r\n\r\n\r\n<p>He also had a significant personal impact on many lives as he mentored and supported young people from the JCSCS, medical professionals, members of the Quaker congregation of which he was a part and people who came into his life by diverse means.\u00a0 His phenomenal memory was used not only professionally but also to remember details of the lives of those he interacted with, so that he never failed to enquire for their spouses, children and other significant persons when conversing.\u00a0 He leaves behind many who mourn him as a positive influence in their lives.<\/p>\r\n\r\n\r\n\r\n<p>His legacy is undoubtedly such that, globally, persons now living with SCD and those as yet unborn will be positively impacted by his work.\u00a0 They will be more likely to survive longer and have better treatment for the complications of their disease, much of this due to the passion and lifelong work of one Professor Graham Serjeant.<\/p>\r\n\r\n\r\n\r\n<p>Prs. Jennifer Knight-Madden, Monika Asnani, Lesley King<\/p>\r\n<p>Sickle Cell Unit, Caribbean Institute for Health Research, UWI.<\/p>","protected":false},"excerpt":{"rendered":"<p>&nbsp; La communaut\u00e9 de la dr\u00e9panocytose pleure la disparition du Professeur Graham Serjeant, une figure \u00e9minente dont le travail inestimable [&hellip;]<\/p>\n","protected":false},"author":26,"featured_media":6012,"comment_status":"open","ping_status":"open","sticky":false,"template":"","format":"standard","meta":{"site-sidebar-layout":"default","site-content-layout":"","ast-site-content-layout":"default","site-content-style":"default","site-sidebar-style":"default","ast-global-header-display":"","ast-banner-title-visibility":"","ast-main-header-display":"","ast-hfb-above-header-display":"","ast-hfb-below-header-display":"","ast-hfb-mobile-header-display":"","site-post-title":"","ast-breadcrumbs-content":"","ast-featured-img":"","footer-sml-layout":"","ast-disable-related-posts":"","theme-transparent-header-meta":"","adv-header-id-meta":"","stick-header-meta":"","header-above-stick-meta":"","header-main-stick-meta":"","header-below-stick-meta":"","astra-migrate-meta-layouts":"default","ast-page-background-enabled":"default","ast-page-background-meta":{"desktop":{"background-color":"var(--ast-global-color-5)","background-image":"","background-repeat":"repeat","background-position":"center center","background-size":"auto","background-attachment":"scroll","background-type":"","background-media":"","overlay-type":"","overlay-color":"","overlay-opacity":"","overlay-gradient":""},"tablet":{"background-color":"","background-image":"","background-repeat":"repeat","background-position":"center center","background-size":"auto","background-attachment":"scroll","background-type":"","background-media":"","overlay-type":"","overlay-color":"","overlay-opacity":"","overlay-gradient":""},"mobile":{"background-color":"","background-image":"","background-repeat":"repeat","background-position":"center center","background-size":"auto","background-attachment":"scroll","background-type":"","background-media":"","overlay-type":"","overlay-color":"","overlay-opacity":"","overlay-gradient":""}},"ast-content-background-meta":{"desktop":{"background-color":"var(--ast-global-color-4)","background-image":"","background-repeat":"repeat","background-position":"center center","background-size":"auto","background-attachment":"scroll","background-type":"","background-media":"","overlay-type":"","overlay-color":"","overlay-opacity":"","overlay-gradient":""},"tablet":{"background-color":"var(--ast-global-color-4)","background-image":"","background-repeat":"repeat","background-position":"center center","background-size":"auto","background-attachment":"scroll","background-type":"","background-media":"","overlay-type":"","overlay-color":"","overlay-opacity":"","overlay-gradient":""},"mobile":{"background-color":"var(--ast-global-color-4)","background-image":"","background-repeat":"repeat","background-position":"center center","background-size":"auto","background-attachment":"scroll","background-type":"","background-media":"","overlay-type":"","overlay-color":"","overlay-opacity":"","overlay-gradient":""}},"_jetpack_memberships_contains_paid_content":false,"footnotes":""},"categories":[225,208],"tags":[],"class_list":["post-5992","post","type-post","status-publish","format-standard","has-post-thumbnail","hentry","category-actualites","category-francais"],"yoast_head":"<!-- This site is optimized with the Yoast SEO plugin v27.5 - https:\/\/yoast.com\/product\/yoast-seo-wordpress\/ -->\n<title>Hommage au Professeur Graham Serjeant, une vie d\u00e9di\u00e9e \u00e0 la dr\u00e9panocytose - Carest Network<\/title>\n<meta name=\"robots\" content=\"index, follow, max-snippet:-1, max-image-preview:large, max-video-preview:-1\" \/>\n<link rel=\"canonical\" href=\"https:\/\/carest-network.org\/en\/hommage-au-professeur-graham-serjeant-une-vie-dediee-a-la-drepanocytose\/\" \/>\n<meta property=\"og:locale\" content=\"en_US\" \/>\n<meta property=\"og:type\" content=\"article\" \/>\n<meta property=\"og:title\" content=\"Hommage au Professeur Graham Serjeant, une vie d\u00e9di\u00e9e \u00e0 la dr\u00e9panocytose - Carest Network\" \/>\n<meta property=\"og:description\" content=\"&nbsp; La communaut\u00e9 de la dr\u00e9panocytose pleure la disparition du Professeur Graham Serjeant, une figure \u00e9minente dont le travail inestimable [&hellip;]\" \/>\n<meta property=\"og:url\" content=\"https:\/\/carest-network.org\/en\/hommage-au-professeur-graham-serjeant-une-vie-dediee-a-la-drepanocytose\/\" \/>\n<meta property=\"og:site_name\" content=\"Carest Network\" \/>\n<meta property=\"article:published_time\" content=\"2025-04-29T06:23:54+00:00\" \/>\n<meta property=\"article:modified_time\" content=\"2025-04-29T15:44:25+00:00\" \/>\n<meta property=\"og:image\" content=\"https:\/\/carest-network.org\/wp-content\/uploads\/2025\/04\/Graham-Serjeant-ok.jpg\" \/>\n\t<meta property=\"og:image:width\" content=\"534\" \/>\n\t<meta property=\"og:image:height\" content=\"645\" \/>\n\t<meta property=\"og:image:type\" content=\"image\/jpeg\" \/>\n<meta name=\"author\" content=\"Dr Marie-Dominique HARDY-DESSOURCES\" \/>\n<meta name=\"twitter:card\" content=\"summary_large_image\" \/>\n<meta name=\"twitter:label1\" content=\"Written by\" \/>\n\t<meta name=\"twitter:data1\" content=\"Dr Marie-Dominique HARDY-DESSOURCES\" \/>\n\t<meta name=\"twitter:label2\" content=\"Est. reading time\" \/>\n\t<meta name=\"twitter:data2\" content=\"6 minutes\" \/>\n<script type=\"application\/ld+json\" class=\"yoast-schema-graph\">{\"@context\":\"https:\\\/\\\/schema.org\",\"@graph\":[{\"@type\":\"Article\",\"@id\":\"https:\\\/\\\/carest-network.org\\\/hommage-au-professeur-graham-serjeant-une-vie-dediee-a-la-drepanocytose\\\/#article\",\"isPartOf\":{\"@id\":\"https:\\\/\\\/carest-network.org\\\/hommage-au-professeur-graham-serjeant-une-vie-dediee-a-la-drepanocytose\\\/\"},\"author\":{\"name\":\"Dr Marie-Dominique HARDY-DESSOURCES\",\"@id\":\"https:\\\/\\\/carest-network.org\\\/#\\\/schema\\\/person\\\/e2737e76b3e2712e992e3d1ef85ec0bc\"},\"headline\":\"Hommage au Professeur Graham Serjeant, une vie d\u00e9di\u00e9e \u00e0 la dr\u00e9panocytose\",\"datePublished\":\"2025-04-29T06:23:54+00:00\",\"dateModified\":\"2025-04-29T15:44:25+00:00\",\"mainEntityOfPage\":{\"@id\":\"https:\\\/\\\/carest-network.org\\\/hommage-au-professeur-graham-serjeant-une-vie-dediee-a-la-drepanocytose\\\/\"},\"wordCount\":1183,\"commentCount\":0,\"publisher\":{\"@id\":\"https:\\\/\\\/carest-network.org\\\/#organization\"},\"image\":{\"@id\":\"https:\\\/\\\/carest-network.org\\\/hommage-au-professeur-graham-serjeant-une-vie-dediee-a-la-drepanocytose\\\/#primaryimage\"},\"thumbnailUrl\":\"https:\\\/\\\/carest-network.org\\\/wp-content\\\/uploads\\\/2025\\\/04\\\/Graham-Serjeant-ok.jpg\",\"articleSection\":[\"Actualit\u00e9s\",\"fran\u00e7ais\"],\"inLanguage\":\"en-US\",\"potentialAction\":[{\"@type\":\"CommentAction\",\"name\":\"Comment\",\"target\":[\"https:\\\/\\\/carest-network.org\\\/hommage-au-professeur-graham-serjeant-une-vie-dediee-a-la-drepanocytose\\\/#respond\"]}]},{\"@type\":\"WebPage\",\"@id\":\"https:\\\/\\\/carest-network.org\\\/hommage-au-professeur-graham-serjeant-une-vie-dediee-a-la-drepanocytose\\\/\",\"url\":\"https:\\\/\\\/carest-network.org\\\/hommage-au-professeur-graham-serjeant-une-vie-dediee-a-la-drepanocytose\\\/\",\"name\":\"Hommage au Professeur Graham Serjeant, une vie d\u00e9di\u00e9e \u00e0 la dr\u00e9panocytose - Carest Network\",\"isPartOf\":{\"@id\":\"https:\\\/\\\/carest-network.org\\\/#website\"},\"primaryImageOfPage\":{\"@id\":\"https:\\\/\\\/carest-network.org\\\/hommage-au-professeur-graham-serjeant-une-vie-dediee-a-la-drepanocytose\\\/#primaryimage\"},\"image\":{\"@id\":\"https:\\\/\\\/carest-network.org\\\/hommage-au-professeur-graham-serjeant-une-vie-dediee-a-la-drepanocytose\\\/#primaryimage\"},\"thumbnailUrl\":\"https:\\\/\\\/carest-network.org\\\/wp-content\\\/uploads\\\/2025\\\/04\\\/Graham-Serjeant-ok.jpg\",\"datePublished\":\"2025-04-29T06:23:54+00:00\",\"dateModified\":\"2025-04-29T15:44:25+00:00\",\"breadcrumb\":{\"@id\":\"https:\\\/\\\/carest-network.org\\\/hommage-au-professeur-graham-serjeant-une-vie-dediee-a-la-drepanocytose\\\/#breadcrumb\"},\"inLanguage\":\"en-US\",\"potentialAction\":[{\"@type\":\"ReadAction\",\"target\":[\"https:\\\/\\\/carest-network.org\\\/hommage-au-professeur-graham-serjeant-une-vie-dediee-a-la-drepanocytose\\\/\"]}]},{\"@type\":\"ImageObject\",\"inLanguage\":\"en-US\",\"@id\":\"https:\\\/\\\/carest-network.org\\\/hommage-au-professeur-graham-serjeant-une-vie-dediee-a-la-drepanocytose\\\/#primaryimage\",\"url\":\"https:\\\/\\\/carest-network.org\\\/wp-content\\\/uploads\\\/2025\\\/04\\\/Graham-Serjeant-ok.jpg\",\"contentUrl\":\"https:\\\/\\\/carest-network.org\\\/wp-content\\\/uploads\\\/2025\\\/04\\\/Graham-Serjeant-ok.jpg\",\"width\":534,\"height\":645},{\"@type\":\"BreadcrumbList\",\"@id\":\"https:\\\/\\\/carest-network.org\\\/hommage-au-professeur-graham-serjeant-une-vie-dediee-a-la-drepanocytose\\\/#breadcrumb\",\"itemListElement\":[{\"@type\":\"ListItem\",\"position\":1,\"name\":\"Accueil\",\"item\":\"https:\\\/\\\/carest-network.org\\\/\"},{\"@type\":\"ListItem\",\"position\":2,\"name\":\"Hommage au Professeur Graham Serjeant, une vie d\u00e9di\u00e9e \u00e0 la dr\u00e9panocytose\"}]},{\"@type\":\"WebSite\",\"@id\":\"https:\\\/\\\/carest-network.org\\\/#website\",\"url\":\"https:\\\/\\\/carest-network.org\\\/\",\"name\":\"Carest Network\",\"description\":\"CAribean network of REsearchers on Sickle cell disease and Thalassemia\",\"publisher\":{\"@id\":\"https:\\\/\\\/carest-network.org\\\/#organization\"},\"potentialAction\":[{\"@type\":\"SearchAction\",\"target\":{\"@type\":\"EntryPoint\",\"urlTemplate\":\"https:\\\/\\\/carest-network.org\\\/?s={search_term_string}\"},\"query-input\":{\"@type\":\"PropertyValueSpecification\",\"valueRequired\":true,\"valueName\":\"search_term_string\"}}],\"inLanguage\":\"en-US\"},{\"@type\":\"Organization\",\"@id\":\"https:\\\/\\\/carest-network.org\\\/#organization\",\"name\":\"Carest Network\",\"url\":\"https:\\\/\\\/carest-network.org\\\/\",\"logo\":{\"@type\":\"ImageObject\",\"inLanguage\":\"en-US\",\"@id\":\"https:\\\/\\\/carest-network.org\\\/#\\\/schema\\\/logo\\\/image\\\/\",\"url\":\"https:\\\/\\\/carest-network.org\\\/wp-content\\\/uploads\\\/2026\\\/01\\\/CAREST_logo.png\",\"contentUrl\":\"https:\\\/\\\/carest-network.org\\\/wp-content\\\/uploads\\\/2026\\\/01\\\/CAREST_logo.png\",\"width\":1402,\"height\":716,\"caption\":\"Carest Network\"},\"image\":{\"@id\":\"https:\\\/\\\/carest-network.org\\\/#\\\/schema\\\/logo\\\/image\\\/\"}},{\"@type\":\"Person\",\"@id\":\"https:\\\/\\\/carest-network.org\\\/#\\\/schema\\\/person\\\/e2737e76b3e2712e992e3d1ef85ec0bc\",\"name\":\"Dr Marie-Dominique HARDY-DESSOURCES\",\"image\":{\"@type\":\"ImageObject\",\"inLanguage\":\"en-US\",\"@id\":\"https:\\\/\\\/secure.gravatar.com\\\/avatar\\\/5a98988c06ed745bab7c32a1dc02ba964fdf730bcedc066bd586be82a9c07458?s=96&d=identicon&r=g\",\"url\":\"https:\\\/\\\/secure.gravatar.com\\\/avatar\\\/5a98988c06ed745bab7c32a1dc02ba964fdf730bcedc066bd586be82a9c07458?s=96&d=identicon&r=g\",\"contentUrl\":\"https:\\\/\\\/secure.gravatar.com\\\/avatar\\\/5a98988c06ed745bab7c32a1dc02ba964fdf730bcedc066bd586be82a9c07458?s=96&d=identicon&r=g\",\"caption\":\"Dr Marie-Dominique HARDY-DESSOURCES\"},\"url\":\"https:\\\/\\\/carest-network.org\\\/en\\\/author\\\/marie-dominique-hardy-dessources\\\/\"}]}<\/script>\n<!-- \/ Yoast SEO plugin. -->","yoast_head_json":{"title":"Hommage au Professeur Graham Serjeant, une vie d\u00e9di\u00e9e \u00e0 la dr\u00e9panocytose - Carest Network","robots":{"index":"index","follow":"follow","max-snippet":"max-snippet:-1","max-image-preview":"max-image-preview:large","max-video-preview":"max-video-preview:-1"},"canonical":"https:\/\/carest-network.org\/en\/hommage-au-professeur-graham-serjeant-une-vie-dediee-a-la-drepanocytose\/","og_locale":"en_US","og_type":"article","og_title":"Hommage au Professeur Graham Serjeant, une vie d\u00e9di\u00e9e \u00e0 la dr\u00e9panocytose - Carest Network","og_description":"&nbsp; La communaut\u00e9 de la dr\u00e9panocytose pleure la disparition du Professeur Graham Serjeant, une figure \u00e9minente dont le travail inestimable [&hellip;]","og_url":"https:\/\/carest-network.org\/en\/hommage-au-professeur-graham-serjeant-une-vie-dediee-a-la-drepanocytose\/","og_site_name":"Carest Network","article_published_time":"2025-04-29T06:23:54+00:00","article_modified_time":"2025-04-29T15:44:25+00:00","og_image":[{"width":534,"height":645,"url":"https:\/\/carest-network.org\/wp-content\/uploads\/2025\/04\/Graham-Serjeant-ok.jpg","type":"image\/jpeg"}],"author":"Dr Marie-Dominique HARDY-DESSOURCES","twitter_card":"summary_large_image","twitter_misc":{"Written by":"Dr Marie-Dominique HARDY-DESSOURCES","Est. reading time":"6 minutes"},"schema":{"@context":"https:\/\/schema.org","@graph":[{"@type":"Article","@id":"https:\/\/carest-network.org\/hommage-au-professeur-graham-serjeant-une-vie-dediee-a-la-drepanocytose\/#article","isPartOf":{"@id":"https:\/\/carest-network.org\/hommage-au-professeur-graham-serjeant-une-vie-dediee-a-la-drepanocytose\/"},"author":{"name":"Dr Marie-Dominique HARDY-DESSOURCES","@id":"https:\/\/carest-network.org\/#\/schema\/person\/e2737e76b3e2712e992e3d1ef85ec0bc"},"headline":"Hommage au Professeur Graham Serjeant, une vie d\u00e9di\u00e9e \u00e0 la dr\u00e9panocytose","datePublished":"2025-04-29T06:23:54+00:00","dateModified":"2025-04-29T15:44:25+00:00","mainEntityOfPage":{"@id":"https:\/\/carest-network.org\/hommage-au-professeur-graham-serjeant-une-vie-dediee-a-la-drepanocytose\/"},"wordCount":1183,"commentCount":0,"publisher":{"@id":"https:\/\/carest-network.org\/#organization"},"image":{"@id":"https:\/\/carest-network.org\/hommage-au-professeur-graham-serjeant-une-vie-dediee-a-la-drepanocytose\/#primaryimage"},"thumbnailUrl":"https:\/\/carest-network.org\/wp-content\/uploads\/2025\/04\/Graham-Serjeant-ok.jpg","articleSection":["Actualit\u00e9s","fran\u00e7ais"],"inLanguage":"en-US","potentialAction":[{"@type":"CommentAction","name":"Comment","target":["https:\/\/carest-network.org\/hommage-au-professeur-graham-serjeant-une-vie-dediee-a-la-drepanocytose\/#respond"]}]},{"@type":"WebPage","@id":"https:\/\/carest-network.org\/hommage-au-professeur-graham-serjeant-une-vie-dediee-a-la-drepanocytose\/","url":"https:\/\/carest-network.org\/hommage-au-professeur-graham-serjeant-une-vie-dediee-a-la-drepanocytose\/","name":"Hommage au Professeur Graham Serjeant, une vie d\u00e9di\u00e9e \u00e0 la dr\u00e9panocytose - Carest Network","isPartOf":{"@id":"https:\/\/carest-network.org\/#website"},"primaryImageOfPage":{"@id":"https:\/\/carest-network.org\/hommage-au-professeur-graham-serjeant-une-vie-dediee-a-la-drepanocytose\/#primaryimage"},"image":{"@id":"https:\/\/carest-network.org\/hommage-au-professeur-graham-serjeant-une-vie-dediee-a-la-drepanocytose\/#primaryimage"},"thumbnailUrl":"https:\/\/carest-network.org\/wp-content\/uploads\/2025\/04\/Graham-Serjeant-ok.jpg","datePublished":"2025-04-29T06:23:54+00:00","dateModified":"2025-04-29T15:44:25+00:00","breadcrumb":{"@id":"https:\/\/carest-network.org\/hommage-au-professeur-graham-serjeant-une-vie-dediee-a-la-drepanocytose\/#breadcrumb"},"inLanguage":"en-US","potentialAction":[{"@type":"ReadAction","target":["https:\/\/carest-network.org\/hommage-au-professeur-graham-serjeant-une-vie-dediee-a-la-drepanocytose\/"]}]},{"@type":"ImageObject","inLanguage":"en-US","@id":"https:\/\/carest-network.org\/hommage-au-professeur-graham-serjeant-une-vie-dediee-a-la-drepanocytose\/#primaryimage","url":"https:\/\/carest-network.org\/wp-content\/uploads\/2025\/04\/Graham-Serjeant-ok.jpg","contentUrl":"https:\/\/carest-network.org\/wp-content\/uploads\/2025\/04\/Graham-Serjeant-ok.jpg","width":534,"height":645},{"@type":"BreadcrumbList","@id":"https:\/\/carest-network.org\/hommage-au-professeur-graham-serjeant-une-vie-dediee-a-la-drepanocytose\/#breadcrumb","itemListElement":[{"@type":"ListItem","position":1,"name":"Accueil","item":"https:\/\/carest-network.org\/"},{"@type":"ListItem","position":2,"name":"Hommage au Professeur Graham Serjeant, une vie d\u00e9di\u00e9e \u00e0 la dr\u00e9panocytose"}]},{"@type":"WebSite","@id":"https:\/\/carest-network.org\/#website","url":"https:\/\/carest-network.org\/","name":"Carest Network","description":"CAribean network of REsearchers on Sickle cell disease and Thalassemia","publisher":{"@id":"https:\/\/carest-network.org\/#organization"},"potentialAction":[{"@type":"SearchAction","target":{"@type":"EntryPoint","urlTemplate":"https:\/\/carest-network.org\/?s={search_term_string}"},"query-input":{"@type":"PropertyValueSpecification","valueRequired":true,"valueName":"search_term_string"}}],"inLanguage":"en-US"},{"@type":"Organization","@id":"https:\/\/carest-network.org\/#organization","name":"Carest Network","url":"https:\/\/carest-network.org\/","logo":{"@type":"ImageObject","inLanguage":"en-US","@id":"https:\/\/carest-network.org\/#\/schema\/logo\/image\/","url":"https:\/\/carest-network.org\/wp-content\/uploads\/2026\/01\/CAREST_logo.png","contentUrl":"https:\/\/carest-network.org\/wp-content\/uploads\/2026\/01\/CAREST_logo.png","width":1402,"height":716,"caption":"Carest Network"},"image":{"@id":"https:\/\/carest-network.org\/#\/schema\/logo\/image\/"}},{"@type":"Person","@id":"https:\/\/carest-network.org\/#\/schema\/person\/e2737e76b3e2712e992e3d1ef85ec0bc","name":"Dr Marie-Dominique HARDY-DESSOURCES","image":{"@type":"ImageObject","inLanguage":"en-US","@id":"https:\/\/secure.gravatar.com\/avatar\/5a98988c06ed745bab7c32a1dc02ba964fdf730bcedc066bd586be82a9c07458?s=96&d=identicon&r=g","url":"https:\/\/secure.gravatar.com\/avatar\/5a98988c06ed745bab7c32a1dc02ba964fdf730bcedc066bd586be82a9c07458?s=96&d=identicon&r=g","contentUrl":"https:\/\/secure.gravatar.com\/avatar\/5a98988c06ed745bab7c32a1dc02ba964fdf730bcedc066bd586be82a9c07458?s=96&d=identicon&r=g","caption":"Dr Marie-Dominique HARDY-DESSOURCES"},"url":"https:\/\/carest-network.org\/en\/author\/marie-dominique-hardy-dessources\/"}]}},"jetpack_featured_media_url":"https:\/\/carest-network.org\/wp-content\/uploads\/2025\/04\/Graham-Serjeant-ok.jpg","jetpack_sharing_enabled":true,"_links":{"self":[{"href":"https:\/\/carest-network.org\/en\/wp-json\/wp\/v2\/posts\/5992","targetHints":{"allow":["GET"]}}],"collection":[{"href":"https:\/\/carest-network.org\/en\/wp-json\/wp\/v2\/posts"}],"about":[{"href":"https:\/\/carest-network.org\/en\/wp-json\/wp\/v2\/types\/post"}],"author":[{"embeddable":true,"href":"https:\/\/carest-network.org\/en\/wp-json\/wp\/v2\/users\/26"}],"replies":[{"embeddable":true,"href":"https:\/\/carest-network.org\/en\/wp-json\/wp\/v2\/comments?post=5992"}],"version-history":[{"count":3,"href":"https:\/\/carest-network.org\/en\/wp-json\/wp\/v2\/posts\/5992\/revisions"}],"predecessor-version":[{"id":5999,"href":"https:\/\/carest-network.org\/en\/wp-json\/wp\/v2\/posts\/5992\/revisions\/5999"}],"wp:featuredmedia":[{"embeddable":true,"href":"https:\/\/carest-network.org\/en\/wp-json\/wp\/v2\/media\/6012"}],"wp:attachment":[{"href":"https:\/\/carest-network.org\/en\/wp-json\/wp\/v2\/media?parent=5992"}],"wp:term":[{"taxonomy":"category","embeddable":true,"href":"https:\/\/carest-network.org\/en\/wp-json\/wp\/v2\/categories?post=5992"},{"taxonomy":"post_tag","embeddable":true,"href":"https:\/\/carest-network.org\/en\/wp-json\/wp\/v2\/tags?post=5992"}],"curies":[{"name":"wp","href":"https:\/\/api.w.org\/{rel}","templated":true}]}}