{"id":5977,"date":"2025-04-21T15:51:07","date_gmt":"2025-04-21T19:51:07","guid":{"rendered":"https:\/\/carest-network.org\/?p=5977&#038;lang=en"},"modified":"2025-04-21T16:31:25","modified_gmt":"2025-04-21T20:31:25","slug":"cuba-sante-2025-un-evenement-phare-de-la-politique-de-sante-publique-cubaine","status":"publish","type":"post","link":"https:\/\/carest-network.org\/en\/cuba-sante-2025-un-evenement-phare-de-la-politique-de-sante-publique-cubaine\/","title":{"rendered":"Cuba Health 2025: flagship event of Cuban public health"},"content":{"rendered":"<p>\u201cCuba-Health \u201d is the flagship event of Cuban public health and is held every three years. The convention is sponsored by prestigious national and international organizations and aims primarily to foster discussion on public health management models at global, regional, and local levels; the strengthening of health systems in the post-COVID-19 era; and health-centered public policies, with an emphasis on the adoption of strategies that consolidate the \u201cOne Health\u201d paradigm as a comprehensive health approach..<\/p>\n\n\n\n<p>The event will provide a scientific forum for exchanging views on key topics of the Health Agenda through 2030. The experiences shared by participants from countries across all continents, along with the authoritative voices of health leaders and experts who will take part in the debates, will contribute to building consensus around the main challenges facing global health, in pursuit of greater access and equity in health care. Likewise, the event will serve as a favorable space for formalizing agreements, signing cooperation accords, and adopting strategic declarations in the health sector.<\/p>\n\n\n\n<p>Havana, with its renowned hospitality, will offer all participants opportunities to enjoy cultural activities, visit institutions and heritage sites, and engage directly with the Cuban people\u2014fostering stronger bonds of friendship and collaboration.<\/p>","protected":false},"excerpt":{"rendered":"<p>\u00ab\u00a0Cuba Convention Sant\u00e9 2025\u00a0\u00bb.\u00a0Cet \u00e9v\u00e9nement phare de la sant\u00e9 publique cubaine se tient tous les trois ans. La convention est [&hellip;]<\/p>\n","protected":false},"author":26,"featured_media":5974,"comment_status":"open","ping_status":"open","sticky":false,"template":"","format":"standard","meta":{"site-sidebar-layout":"default","site-content-layout":"","ast-site-content-layout":"default","site-content-style":"default","site-sidebar-style":"default","ast-global-header-display":"","ast-banner-title-visibility":"","ast-main-header-display":"","ast-hfb-above-header-display":"","ast-hfb-below-header-display":"","ast-hfb-mobile-header-display":"","site-post-title":"","ast-breadcrumbs-content":"","ast-featured-img":"","footer-sml-layout":"","ast-disable-related-posts":"","theme-transparent-header-meta":"","adv-header-id-meta":"","stick-header-meta":"","header-above-stick-meta":"","header-main-stick-meta":"","header-below-stick-meta":"","astra-migrate-meta-layouts":"default","ast-page-background-enabled":"default","ast-page-background-meta":{"desktop":{"background-color":"var(--ast-global-color-5)","background-image":"","background-repeat":"repeat","background-position":"center center","background-size":"auto","background-attachment":"scroll","background-type":"","background-media":"","overlay-type":"","overlay-color":"","overlay-opacity":"","overlay-gradient":""},"tablet":{"background-color":"","background-image":"","background-repeat":"repeat","background-position":"center center","background-size":"auto","background-attachment":"scroll","background-type":"","background-media":"","overlay-type":"","overlay-color":"","overlay-opacity":"","overlay-gradient":""},"mobile":{"background-color":"","background-image":"","background-repeat":"repeat","background-position":"center center","background-size":"auto","background-attachment":"scroll","background-type":"","background-media":"","overlay-type":"","overlay-color":"","overlay-opacity":"","overlay-gradient":""}},"ast-content-background-meta":{"desktop":{"background-color":"var(--ast-global-color-4)","background-image":"","background-repeat":"repeat","background-position":"center center","background-size":"auto","background-attachment":"scroll","background-type":"","background-media":"","overlay-type":"","overlay-color":"","overlay-opacity":"","overlay-gradient":""},"tablet":{"background-color":"var(--ast-global-color-4)","background-image":"","background-repeat":"repeat","background-position":"center center","background-size":"auto","background-attachment":"scroll","background-type":"","background-media":"","overlay-type":"","overlay-color":"","overlay-opacity":"","overlay-gradient":""},"mobile":{"background-color":"var(--ast-global-color-4)","background-image":"","background-repeat":"repeat","background-position":"center center","background-size":"auto","background-attachment":"scroll","background-type":"","background-media":"","overlay-type":"","overlay-color":"","overlay-opacity":"","overlay-gradient":""}},"_jetpack_memberships_contains_paid_content":false,"footnotes":""},"categories":[225,208],"tags":[],"class_list":["post-5977","post","type-post","status-publish","format-standard","has-post-thumbnail","hentry","category-actualites","category-francais"],"yoast_head":"<!-- This site is optimized with the Yoast SEO plugin v27.5 - https:\/\/yoast.com\/product\/yoast-seo-wordpress\/ -->\n<title>Cuba Sant\u00e9 2025 : Un \u00e9v\u00e8nement phare de la politique de sant\u00e9 publique Cubaine - Carest Network<\/title>\n<meta name=\"robots\" content=\"index, follow, max-snippet:-1, max-image-preview:large, max-video-preview:-1\" \/>\n<link rel=\"canonical\" href=\"https:\/\/carest-network.org\/en\/cuba-sante-2025-un-evenement-phare-de-la-politique-de-sante-publique-cubaine\/\" \/>\n<meta property=\"og:locale\" content=\"en_US\" \/>\n<meta property=\"og:type\" content=\"article\" \/>\n<meta property=\"og:title\" content=\"Cuba Sant\u00e9 2025 : Un \u00e9v\u00e8nement phare de la politique de sant\u00e9 publique Cubaine - Carest Network\" \/>\n<meta property=\"og:description\" content=\"\u00ab\u00a0Cuba Convention Sant\u00e9 2025\u00a0\u00bb.\u00a0Cet \u00e9v\u00e9nement phare de la sant\u00e9 publique cubaine se tient tous les trois ans. La convention est [&hellip;]\" \/>\n<meta property=\"og:url\" content=\"https:\/\/carest-network.org\/en\/cuba-sante-2025-un-evenement-phare-de-la-politique-de-sante-publique-cubaine\/\" \/>\n<meta property=\"og:site_name\" content=\"Carest Network\" \/>\n<meta property=\"article:published_time\" content=\"2025-04-21T19:51:07+00:00\" \/>\n<meta property=\"article:modified_time\" content=\"2025-04-21T20:31:25+00:00\" \/>\n<meta property=\"og:image\" content=\"https:\/\/carest-network.org\/wp-content\/uploads\/2025\/04\/Screenshot-Cuba-salud-.png\" \/>\n\t<meta property=\"og:image:width\" content=\"1608\" \/>\n\t<meta property=\"og:image:height\" content=\"648\" \/>\n\t<meta property=\"og:image:type\" content=\"image\/png\" \/>\n<meta name=\"author\" content=\"Dr Marie-Dominique HARDY-DESSOURCES\" \/>\n<meta name=\"twitter:card\" content=\"summary_large_image\" \/>\n<meta name=\"twitter:label1\" content=\"Written by\" \/>\n\t<meta name=\"twitter:data1\" content=\"Dr Marie-Dominique HARDY-DESSOURCES\" \/>\n\t<meta name=\"twitter:label2\" content=\"Est. reading time\" \/>\n\t<meta name=\"twitter:data2\" content=\"2 minutes\" \/>\n<script type=\"application\/ld+json\" class=\"yoast-schema-graph\">{\"@context\":\"https:\\\/\\\/schema.org\",\"@graph\":[{\"@type\":\"Article\",\"@id\":\"https:\\\/\\\/carest-network.org\\\/cuba-sante-2025-un-evenement-phare-de-la-politique-de-sante-publique-cubaine\\\/#article\",\"isPartOf\":{\"@id\":\"https:\\\/\\\/carest-network.org\\\/cuba-sante-2025-un-evenement-phare-de-la-politique-de-sante-publique-cubaine\\\/\"},\"author\":{\"name\":\"Dr Marie-Dominique HARDY-DESSOURCES\",\"@id\":\"https:\\\/\\\/carest-network.org\\\/#\\\/schema\\\/person\\\/e2737e76b3e2712e992e3d1ef85ec0bc\"},\"headline\":\"Cuba Sant\u00e9 2025 : Un \u00e9v\u00e8nement phare de la politique de sant\u00e9 publique Cubaine\",\"datePublished\":\"2025-04-21T19:51:07+00:00\",\"dateModified\":\"2025-04-21T20:31:25+00:00\",\"mainEntityOfPage\":{\"@id\":\"https:\\\/\\\/carest-network.org\\\/cuba-sante-2025-un-evenement-phare-de-la-politique-de-sante-publique-cubaine\\\/\"},\"wordCount\":287,\"commentCount\":0,\"publisher\":{\"@id\":\"https:\\\/\\\/carest-network.org\\\/#organization\"},\"image\":{\"@id\":\"https:\\\/\\\/carest-network.org\\\/cuba-sante-2025-un-evenement-phare-de-la-politique-de-sante-publique-cubaine\\\/#primaryimage\"},\"thumbnailUrl\":\"https:\\\/\\\/carest-network.org\\\/wp-content\\\/uploads\\\/2025\\\/04\\\/Screenshot-Cuba-salud-.png\",\"articleSection\":[\"Actualit\u00e9s\",\"fran\u00e7ais\"],\"inLanguage\":\"en-US\",\"potentialAction\":[{\"@type\":\"CommentAction\",\"name\":\"Comment\",\"target\":[\"https:\\\/\\\/carest-network.org\\\/cuba-sante-2025-un-evenement-phare-de-la-politique-de-sante-publique-cubaine\\\/#respond\"]}]},{\"@type\":\"WebPage\",\"@id\":\"https:\\\/\\\/carest-network.org\\\/cuba-sante-2025-un-evenement-phare-de-la-politique-de-sante-publique-cubaine\\\/\",\"url\":\"https:\\\/\\\/carest-network.org\\\/cuba-sante-2025-un-evenement-phare-de-la-politique-de-sante-publique-cubaine\\\/\",\"name\":\"Cuba Sant\u00e9 2025 : Un \u00e9v\u00e8nement phare de la politique de sant\u00e9 publique Cubaine - Carest Network\",\"isPartOf\":{\"@id\":\"https:\\\/\\\/carest-network.org\\\/#website\"},\"primaryImageOfPage\":{\"@id\":\"https:\\\/\\\/carest-network.org\\\/cuba-sante-2025-un-evenement-phare-de-la-politique-de-sante-publique-cubaine\\\/#primaryimage\"},\"image\":{\"@id\":\"https:\\\/\\\/carest-network.org\\\/cuba-sante-2025-un-evenement-phare-de-la-politique-de-sante-publique-cubaine\\\/#primaryimage\"},\"thumbnailUrl\":\"https:\\\/\\\/carest-network.org\\\/wp-content\\\/uploads\\\/2025\\\/04\\\/Screenshot-Cuba-salud-.png\",\"datePublished\":\"2025-04-21T19:51:07+00:00\",\"dateModified\":\"2025-04-21T20:31:25+00:00\",\"breadcrumb\":{\"@id\":\"https:\\\/\\\/carest-network.org\\\/cuba-sante-2025-un-evenement-phare-de-la-politique-de-sante-publique-cubaine\\\/#breadcrumb\"},\"inLanguage\":\"en-US\",\"potentialAction\":[{\"@type\":\"ReadAction\",\"target\":[\"https:\\\/\\\/carest-network.org\\\/cuba-sante-2025-un-evenement-phare-de-la-politique-de-sante-publique-cubaine\\\/\"]}]},{\"@type\":\"ImageObject\",\"inLanguage\":\"en-US\",\"@id\":\"https:\\\/\\\/carest-network.org\\\/cuba-sante-2025-un-evenement-phare-de-la-politique-de-sante-publique-cubaine\\\/#primaryimage\",\"url\":\"https:\\\/\\\/carest-network.org\\\/wp-content\\\/uploads\\\/2025\\\/04\\\/Screenshot-Cuba-salud-.png\",\"contentUrl\":\"https:\\\/\\\/carest-network.org\\\/wp-content\\\/uploads\\\/2025\\\/04\\\/Screenshot-Cuba-salud-.png\",\"width\":1608,\"height\":648},{\"@type\":\"BreadcrumbList\",\"@id\":\"https:\\\/\\\/carest-network.org\\\/cuba-sante-2025-un-evenement-phare-de-la-politique-de-sante-publique-cubaine\\\/#breadcrumb\",\"itemListElement\":[{\"@type\":\"ListItem\",\"position\":1,\"name\":\"Accueil\",\"item\":\"https:\\\/\\\/carest-network.org\\\/\"},{\"@type\":\"ListItem\",\"position\":2,\"name\":\"Cuba Sant\u00e9 2025 : Un \u00e9v\u00e8nement phare de la politique de sant\u00e9 publique Cubaine\"}]},{\"@type\":\"WebSite\",\"@id\":\"https:\\\/\\\/carest-network.org\\\/#website\",\"url\":\"https:\\\/\\\/carest-network.org\\\/\",\"name\":\"Carest Network\",\"description\":\"CAribean network of REsearchers on Sickle cell disease and Thalassemia\",\"publisher\":{\"@id\":\"https:\\\/\\\/carest-network.org\\\/#organization\"},\"potentialAction\":[{\"@type\":\"SearchAction\",\"target\":{\"@type\":\"EntryPoint\",\"urlTemplate\":\"https:\\\/\\\/carest-network.org\\\/?s={search_term_string}\"},\"query-input\":{\"@type\":\"PropertyValueSpecification\",\"valueRequired\":true,\"valueName\":\"search_term_string\"}}],\"inLanguage\":\"en-US\"},{\"@type\":\"Organization\",\"@id\":\"https:\\\/\\\/carest-network.org\\\/#organization\",\"name\":\"Carest Network\",\"url\":\"https:\\\/\\\/carest-network.org\\\/\",\"logo\":{\"@type\":\"ImageObject\",\"inLanguage\":\"en-US\",\"@id\":\"https:\\\/\\\/carest-network.org\\\/#\\\/schema\\\/logo\\\/image\\\/\",\"url\":\"https:\\\/\\\/carest-network.org\\\/wp-content\\\/uploads\\\/2026\\\/01\\\/CAREST_logo.png\",\"contentUrl\":\"https:\\\/\\\/carest-network.org\\\/wp-content\\\/uploads\\\/2026\\\/01\\\/CAREST_logo.png\",\"width\":1402,\"height\":716,\"caption\":\"Carest Network\"},\"image\":{\"@id\":\"https:\\\/\\\/carest-network.org\\\/#\\\/schema\\\/logo\\\/image\\\/\"}},{\"@type\":\"Person\",\"@id\":\"https:\\\/\\\/carest-network.org\\\/#\\\/schema\\\/person\\\/e2737e76b3e2712e992e3d1ef85ec0bc\",\"name\":\"Dr Marie-Dominique HARDY-DESSOURCES\",\"image\":{\"@type\":\"ImageObject\",\"inLanguage\":\"en-US\",\"@id\":\"https:\\\/\\\/secure.gravatar.com\\\/avatar\\\/5a98988c06ed745bab7c32a1dc02ba964fdf730bcedc066bd586be82a9c07458?s=96&d=identicon&r=g\",\"url\":\"https:\\\/\\\/secure.gravatar.com\\\/avatar\\\/5a98988c06ed745bab7c32a1dc02ba964fdf730bcedc066bd586be82a9c07458?s=96&d=identicon&r=g\",\"contentUrl\":\"https:\\\/\\\/secure.gravatar.com\\\/avatar\\\/5a98988c06ed745bab7c32a1dc02ba964fdf730bcedc066bd586be82a9c07458?s=96&d=identicon&r=g\",\"caption\":\"Dr Marie-Dominique HARDY-DESSOURCES\"},\"url\":\"https:\\\/\\\/carest-network.org\\\/en\\\/author\\\/marie-dominique-hardy-dessources\\\/\"}]}<\/script>\n<!-- \/ Yoast SEO plugin. -->","yoast_head_json":{"title":"Cuba Sant\u00e9 2025 : Un \u00e9v\u00e8nement phare de la politique de sant\u00e9 publique Cubaine - Carest Network","robots":{"index":"index","follow":"follow","max-snippet":"max-snippet:-1","max-image-preview":"max-image-preview:large","max-video-preview":"max-video-preview:-1"},"canonical":"https:\/\/carest-network.org\/en\/cuba-sante-2025-un-evenement-phare-de-la-politique-de-sante-publique-cubaine\/","og_locale":"en_US","og_type":"article","og_title":"Cuba Sant\u00e9 2025 : Un \u00e9v\u00e8nement phare de la politique de sant\u00e9 publique Cubaine - Carest Network","og_description":"\u00ab\u00a0Cuba Convention Sant\u00e9 2025\u00a0\u00bb.\u00a0Cet \u00e9v\u00e9nement phare de la sant\u00e9 publique cubaine se tient tous les trois ans. La convention est [&hellip;]","og_url":"https:\/\/carest-network.org\/en\/cuba-sante-2025-un-evenement-phare-de-la-politique-de-sante-publique-cubaine\/","og_site_name":"Carest Network","article_published_time":"2025-04-21T19:51:07+00:00","article_modified_time":"2025-04-21T20:31:25+00:00","og_image":[{"width":1608,"height":648,"url":"https:\/\/carest-network.org\/wp-content\/uploads\/2025\/04\/Screenshot-Cuba-salud-.png","type":"image\/png"}],"author":"Dr Marie-Dominique HARDY-DESSOURCES","twitter_card":"summary_large_image","twitter_misc":{"Written by":"Dr Marie-Dominique HARDY-DESSOURCES","Est. reading time":"2 minutes"},"schema":{"@context":"https:\/\/schema.org","@graph":[{"@type":"Article","@id":"https:\/\/carest-network.org\/cuba-sante-2025-un-evenement-phare-de-la-politique-de-sante-publique-cubaine\/#article","isPartOf":{"@id":"https:\/\/carest-network.org\/cuba-sante-2025-un-evenement-phare-de-la-politique-de-sante-publique-cubaine\/"},"author":{"name":"Dr Marie-Dominique HARDY-DESSOURCES","@id":"https:\/\/carest-network.org\/#\/schema\/person\/e2737e76b3e2712e992e3d1ef85ec0bc"},"headline":"Cuba Sant\u00e9 2025 : Un \u00e9v\u00e8nement phare de la politique de sant\u00e9 publique Cubaine","datePublished":"2025-04-21T19:51:07+00:00","dateModified":"2025-04-21T20:31:25+00:00","mainEntityOfPage":{"@id":"https:\/\/carest-network.org\/cuba-sante-2025-un-evenement-phare-de-la-politique-de-sante-publique-cubaine\/"},"wordCount":287,"commentCount":0,"publisher":{"@id":"https:\/\/carest-network.org\/#organization"},"image":{"@id":"https:\/\/carest-network.org\/cuba-sante-2025-un-evenement-phare-de-la-politique-de-sante-publique-cubaine\/#primaryimage"},"thumbnailUrl":"https:\/\/carest-network.org\/wp-content\/uploads\/2025\/04\/Screenshot-Cuba-salud-.png","articleSection":["Actualit\u00e9s","fran\u00e7ais"],"inLanguage":"en-US","potentialAction":[{"@type":"CommentAction","name":"Comment","target":["https:\/\/carest-network.org\/cuba-sante-2025-un-evenement-phare-de-la-politique-de-sante-publique-cubaine\/#respond"]}]},{"@type":"WebPage","@id":"https:\/\/carest-network.org\/cuba-sante-2025-un-evenement-phare-de-la-politique-de-sante-publique-cubaine\/","url":"https:\/\/carest-network.org\/cuba-sante-2025-un-evenement-phare-de-la-politique-de-sante-publique-cubaine\/","name":"Cuba Sant\u00e9 2025 : Un \u00e9v\u00e8nement phare de la politique de sant\u00e9 publique Cubaine - Carest Network","isPartOf":{"@id":"https:\/\/carest-network.org\/#website"},"primaryImageOfPage":{"@id":"https:\/\/carest-network.org\/cuba-sante-2025-un-evenement-phare-de-la-politique-de-sante-publique-cubaine\/#primaryimage"},"image":{"@id":"https:\/\/carest-network.org\/cuba-sante-2025-un-evenement-phare-de-la-politique-de-sante-publique-cubaine\/#primaryimage"},"thumbnailUrl":"https:\/\/carest-network.org\/wp-content\/uploads\/2025\/04\/Screenshot-Cuba-salud-.png","datePublished":"2025-04-21T19:51:07+00:00","dateModified":"2025-04-21T20:31:25+00:00","breadcrumb":{"@id":"https:\/\/carest-network.org\/cuba-sante-2025-un-evenement-phare-de-la-politique-de-sante-publique-cubaine\/#breadcrumb"},"inLanguage":"en-US","potentialAction":[{"@type":"ReadAction","target":["https:\/\/carest-network.org\/cuba-sante-2025-un-evenement-phare-de-la-politique-de-sante-publique-cubaine\/"]}]},{"@type":"ImageObject","inLanguage":"en-US","@id":"https:\/\/carest-network.org\/cuba-sante-2025-un-evenement-phare-de-la-politique-de-sante-publique-cubaine\/#primaryimage","url":"https:\/\/carest-network.org\/wp-content\/uploads\/2025\/04\/Screenshot-Cuba-salud-.png","contentUrl":"https:\/\/carest-network.org\/wp-content\/uploads\/2025\/04\/Screenshot-Cuba-salud-.png","width":1608,"height":648},{"@type":"BreadcrumbList","@id":"https:\/\/carest-network.org\/cuba-sante-2025-un-evenement-phare-de-la-politique-de-sante-publique-cubaine\/#breadcrumb","itemListElement":[{"@type":"ListItem","position":1,"name":"Accueil","item":"https:\/\/carest-network.org\/"},{"@type":"ListItem","position":2,"name":"Cuba Sant\u00e9 2025 : Un \u00e9v\u00e8nement phare de la politique de sant\u00e9 publique Cubaine"}]},{"@type":"WebSite","@id":"https:\/\/carest-network.org\/#website","url":"https:\/\/carest-network.org\/","name":"Carest Network","description":"CAribean network of REsearchers on Sickle cell disease and Thalassemia","publisher":{"@id":"https:\/\/carest-network.org\/#organization"},"potentialAction":[{"@type":"SearchAction","target":{"@type":"EntryPoint","urlTemplate":"https:\/\/carest-network.org\/?s={search_term_string}"},"query-input":{"@type":"PropertyValueSpecification","valueRequired":true,"valueName":"search_term_string"}}],"inLanguage":"en-US"},{"@type":"Organization","@id":"https:\/\/carest-network.org\/#organization","name":"Carest Network","url":"https:\/\/carest-network.org\/","logo":{"@type":"ImageObject","inLanguage":"en-US","@id":"https:\/\/carest-network.org\/#\/schema\/logo\/image\/","url":"https:\/\/carest-network.org\/wp-content\/uploads\/2026\/01\/CAREST_logo.png","contentUrl":"https:\/\/carest-network.org\/wp-content\/uploads\/2026\/01\/CAREST_logo.png","width":1402,"height":716,"caption":"Carest Network"},"image":{"@id":"https:\/\/carest-network.org\/#\/schema\/logo\/image\/"}},{"@type":"Person","@id":"https:\/\/carest-network.org\/#\/schema\/person\/e2737e76b3e2712e992e3d1ef85ec0bc","name":"Dr Marie-Dominique HARDY-DESSOURCES","image":{"@type":"ImageObject","inLanguage":"en-US","@id":"https:\/\/secure.gravatar.com\/avatar\/5a98988c06ed745bab7c32a1dc02ba964fdf730bcedc066bd586be82a9c07458?s=96&d=identicon&r=g","url":"https:\/\/secure.gravatar.com\/avatar\/5a98988c06ed745bab7c32a1dc02ba964fdf730bcedc066bd586be82a9c07458?s=96&d=identicon&r=g","contentUrl":"https:\/\/secure.gravatar.com\/avatar\/5a98988c06ed745bab7c32a1dc02ba964fdf730bcedc066bd586be82a9c07458?s=96&d=identicon&r=g","caption":"Dr Marie-Dominique HARDY-DESSOURCES"},"url":"https:\/\/carest-network.org\/en\/author\/marie-dominique-hardy-dessources\/"}]}},"jetpack_featured_media_url":"https:\/\/carest-network.org\/wp-content\/uploads\/2025\/04\/Screenshot-Cuba-salud-.png","jetpack_sharing_enabled":true,"_links":{"self":[{"href":"https:\/\/carest-network.org\/en\/wp-json\/wp\/v2\/posts\/5977","targetHints":{"allow":["GET"]}}],"collection":[{"href":"https:\/\/carest-network.org\/en\/wp-json\/wp\/v2\/posts"}],"about":[{"href":"https:\/\/carest-network.org\/en\/wp-json\/wp\/v2\/types\/post"}],"author":[{"embeddable":true,"href":"https:\/\/carest-network.org\/en\/wp-json\/wp\/v2\/users\/26"}],"replies":[{"embeddable":true,"href":"https:\/\/carest-network.org\/en\/wp-json\/wp\/v2\/comments?post=5977"}],"version-history":[{"count":3,"href":"https:\/\/carest-network.org\/en\/wp-json\/wp\/v2\/posts\/5977\/revisions"}],"predecessor-version":[{"id":5985,"href":"https:\/\/carest-network.org\/en\/wp-json\/wp\/v2\/posts\/5977\/revisions\/5985"}],"wp:featuredmedia":[{"embeddable":true,"href":"https:\/\/carest-network.org\/en\/wp-json\/wp\/v2\/media\/5974"}],"wp:attachment":[{"href":"https:\/\/carest-network.org\/en\/wp-json\/wp\/v2\/media?parent=5977"}],"wp:term":[{"taxonomy":"category","embeddable":true,"href":"https:\/\/carest-network.org\/en\/wp-json\/wp\/v2\/categories?post=5977"},{"taxonomy":"post_tag","embeddable":true,"href":"https:\/\/carest-network.org\/en\/wp-json\/wp\/v2\/tags?post=5977"}],"curies":[{"name":"wp","href":"https:\/\/api.w.org\/{rel}","templated":true}]}}